{"id":2359,"date":"2023-12-19T18:42:31","date_gmt":"2023-12-19T16:42:31","guid":{"rendered":"http:\/\/www.hiisirasti.fi\/?p=2359"},"modified":"2023-12-19T19:02:03","modified_gmt":"2023-12-19T17:02:03","slug":"hiisirasti-ryn-ylimaarainen-kokous-9-1-2024","status":"publish","type":"post","link":"http:\/\/www.hiisirasti.fi\/?p=2359","title":{"rendered":"HIISIRASTI ry:n YLIM\u00c4\u00c4R\u00c4INEN KOKOUS 9.1.2024"},"content":{"rendered":"\n<p><strong>KOKOUSKUTSU<\/strong><\/p>\n<p class=\"western\"><span style=\"font-size: medium;\"><b>Hiisirasti ry:n <\/b><\/span><span style=\"font-size: medium;\"><b>SEURAN <\/b><\/span><span style=\"font-size: medium;\"><b>YLIM\u00c4\u00c4R\u00c4INEN KOKOUS <\/b><\/span><span style=\"font-size: medium;\"><b>(s\u00e4\u00e4nt\u00f6jen \u00a7 9) <\/b><\/span><span style=\"font-size: medium;\"><b>pidet\u00e4\u00e4n tiistaina 9.1.2024 klo 18:00 alkaen Euran p\u00e4\u00e4kirjastolla osoitteessa Satakunnankatu 33, 27510 Eura<\/b><\/span><span style=\"font-size: medium;\">.<\/span><br \/><span style=\"font-size: medium;\"><strong>Kokouksessa k\u00e4sitell\u00e4\u00e4n allaolevan esityslistan asiat.<\/strong> <\/span><\/p>\n<p>\u00a0<\/p>\n<p><span style=\"font-size: medium;\"><b>ESITYSLISTA<\/b><\/span><\/p>\n<p class=\"western\"><span style=\"font-size: medium;\">1 Avataan kokous<\/span><br \/><span style=\"font-size: medium;\"><br \/>2 Valitaan kokoukselle<\/span><br \/><span style=\"font-size: medium;\">a) puheenjohtaja<\/span><br \/><span style=\"font-size: medium;\">b) sihteeri<\/span><br \/><span style=\"font-size: medium;\">c) kaksi p\u00f6yt\u00e4kirjantarkastajaa<\/span><br \/><span style=\"font-size: medium;\">d) \u00e4\u00e4ntenlaskijat<\/span><br \/><br \/><span style=\"font-size: medium;\">3 Todetaan edustettuina olevat yhdistyksen j\u00e4senet ja niiden \u00e4\u00e4nim\u00e4\u00e4r\u00e4t<\/span><span style=\"font-size: medium;\"><br \/>4 Todetaan kokouksen laillisuus ja p\u00e4\u00e4t\u00f6svaltaisuus<\/span><br \/><span style=\"font-size: medium;\"><br \/>5 Valitaan hallituksen puheenjohtaja vuodelle 2024<\/span><br \/><span style=\"font-size: medium;\"><br \/>6<\/span><span style=\"font-size: medium;\"> Valitaan hallitukseen tarvittaessa lis\u00e4j\u00e4senet<\/span><br \/><span style=\"font-size: medium;\">Syyskokouksessa 24.11.2023 on valittu erovuoroiset Saku Asikainen, Sipi Erkkil\u00e4, Joona Huila, Rami Rintala ja Petteri Vuorinen uudelleen kahdeksi vuodeksi.<\/span><br \/><span style=\"font-size: medium;\">Hallituksessa toisen vuoden jatkavat P\u00e4ivi Aarikka-Ruuhiala, Petri Hyv\u00e4ri, Hannu Joensuu, ja Teemu Nukki. Lis\u00e4ksi Teemu Rostedt valittiin hallitukseen varalle yhdeksi vuodeksi.<\/span><br \/><br \/><span style=\"font-size: medium;\">7<\/span><span style=\"font-size: medium;\"> K\u00e4sitell\u00e4\u00e4n muut yhdistyksen hallituksen ja j\u00e4senten esitt\u00e4m\u00e4t asiat<\/span><br \/><span style=\"font-size: medium;\">Esitykset on toimitettava hallitukselle 8.1.202<\/span><span style=\"font-size: medium;\">4<\/span><span style=\"font-size: medium;\"> menness\u00e4<\/span><br \/><br \/><span style=\"font-size: medium;\">8<\/span><span style=\"font-size: medium;\"> P\u00e4\u00e4tet\u00e4\u00e4n kokous<\/span><\/p>\n<p>\u00a0<\/p>\n<p class=\"western\"><span style=\"font-size: medium;\">S\u00e4kyl\u00e4ss\u00e4 15.12.2023<\/span><br \/><span style=\"font-size: medium;\">Hiisirasti ry.<\/span><br \/><span style=\"font-size: medium;\">Hallitus<\/span><\/p>\n","protected":false},"excerpt":{"rendered":"<p>KOKOUSKUTSU Hiisirasti ry:n SEURAN YLIM\u00c4\u00c4R\u00c4INEN KOKOUS (s\u00e4\u00e4nt\u00f6jen \u00a7 9) pidet\u00e4\u00e4n tiistaina 9.1.2024 klo 18:00 alkaen Euran p\u00e4\u00e4kirjastolla osoitteessa Satakunnankatu 33, 27510 Eura.Kokouksessa k\u00e4sitell\u00e4\u00e4n allaolevan esityslistan asiat. \u00a0 ESITYSLISTA 1 Avataan kokous2 Valitaan kokouksellea) puheenjohtajab) sihteeric) kaksi p\u00f6yt\u00e4kirjantarkastajaad) \u00e4\u00e4ntenlaskijat 3 Todetaan edustettuina olevat yhdistyksen j\u00e4senet ja niiden \u00e4\u00e4nim\u00e4\u00e4r\u00e4t4 Todetaan kokouksen laillisuus ja p\u00e4\u00e4t\u00f6svaltaisuus5 Valitaan hallituksen puheenjohtaja [&hellip;]<\/p>\n","protected":false},"author":1,"featured_media":0,"comment_status":"open","ping_status":"open","sticky":false,"template":"","format":"standard","meta":{"footnotes":""},"categories":[1],"tags":[],"class_list":["post-2359","post","type-post","status-publish","format-standard","hentry","category-yleinen"],"_links":{"self":[{"href":"http:\/\/www.hiisirasti.fi\/index.php?rest_route=\/wp\/v2\/posts\/2359","targetHints":{"allow":["GET"]}}],"collection":[{"href":"http:\/\/www.hiisirasti.fi\/index.php?rest_route=\/wp\/v2\/posts"}],"about":[{"href":"http:\/\/www.hiisirasti.fi\/index.php?rest_route=\/wp\/v2\/types\/post"}],"author":[{"embeddable":true,"href":"http:\/\/www.hiisirasti.fi\/index.php?rest_route=\/wp\/v2\/users\/1"}],"replies":[{"embeddable":true,"href":"http:\/\/www.hiisirasti.fi\/index.php?rest_route=%2Fwp%2Fv2%2Fcomments&post=2359"}],"version-history":[{"count":8,"href":"http:\/\/www.hiisirasti.fi\/index.php?rest_route=\/wp\/v2\/posts\/2359\/revisions"}],"predecessor-version":[{"id":2367,"href":"http:\/\/www.hiisirasti.fi\/index.php?rest_route=\/wp\/v2\/posts\/2359\/revisions\/2367"}],"wp:attachment":[{"href":"http:\/\/www.hiisirasti.fi\/index.php?rest_route=%2Fwp%2Fv2%2Fmedia&parent=2359"}],"wp:term":[{"taxonomy":"category","embeddable":true,"href":"http:\/\/www.hiisirasti.fi\/index.php?rest_route=%2Fwp%2Fv2%2Fcategories&post=2359"},{"taxonomy":"post_tag","embeddable":true,"href":"http:\/\/www.hiisirasti.fi\/index.php?rest_route=%2Fwp%2Fv2%2Ftags&post=2359"}],"curies":[{"name":"wp","href":"https:\/\/api.w.org\/{rel}","templated":true}]}}