{"id":2255,"date":"2023-03-29T17:26:09","date_gmt":"2023-03-29T14:26:09","guid":{"rendered":"http:\/\/www.hiisirasti.fi\/?p=2255"},"modified":"2023-03-29T17:26:12","modified_gmt":"2023-03-29T14:26:12","slug":"hiisirasti-ryn-kevatkokous-18-4-2023","status":"publish","type":"post","link":"https:\/\/www.hiisirasti.fi\/?p=2255","title":{"rendered":"Hiisirasti ry:n kev\u00e4tkokous 18.4.2023"},"content":{"rendered":"\n<p class=\"western\"><span style=\"font-family: Times New Roman, serif;\"><span style=\"font-size: medium;\"><b>Hiisirasti ry:n kev\u00e4tkokous<\/b><\/span><\/span> <span style=\"font-family: Times New Roman, serif;\"><span style=\"font-size: medium;\"><b>pidet\u00e4\u00e4n <\/b><\/span><\/span><span style=\"font-family: Times New Roman, serif;\"><span style=\"font-size: medium;\"><b>tiistaina<\/b><\/span><\/span><span style=\"font-family: Times New Roman, serif;\"><span style=\"font-size: medium;\"><b> 1<\/b><\/span><\/span><span style=\"font-family: Times New Roman, serif;\"><span style=\"font-size: medium;\"><b>8<\/b><\/span><\/span><span style=\"font-family: Times New Roman, serif;\"><span style=\"font-size: medium;\"><b>.4.202<\/b><\/span><\/span><span style=\"font-family: Times New Roman, serif;\"><span style=\"font-size: medium;\"><b>3<\/b><\/span><\/span><span style=\"font-family: Times New Roman, serif;\"><span style=\"font-size: medium;\"><b> kello 19.00<\/b><\/span><\/span><span style=\"font-family: Times New Roman, serif;\"><span style=\"font-size: medium;\"> alkaen Ala-Satakunnan Osuuspankin K\u00f6yli\u00f6n konttorin kokoustilassa osoitteessa K\u00f6yli\u00f6ntie 1, 27710 K\u00f6yli\u00f6 (S\u00e4kyl\u00e4). Kokouksessa k\u00e4sitell\u00e4\u00e4n s\u00e4\u00e4nn\u00f6iss\u00e4 m\u00e4\u00e4r\u00e4tyt asiat. Kaikilla edustettuina olevilla seuroilla on yksi \u00e4\u00e4ni<\/span><\/span><span style=\"font-family: Times New Roman, serif;\"><span style=\"font-size: large;\">.<\/span><\/span><\/p>\n<p class=\"western\"><span style=\"font-family: Times New Roman, serif;\"><span style=\"font-size: medium;\">Jos haluat osallistua kokoukseen et\u00e4n\u00e4 Teams-sovelluksella, niin ilmoita siit\u00e4 etuk\u00e4teen puheenjohtajalle, joka l\u00e4hett\u00e4\u00e4 s\u00e4hk\u00f6postiin linkin kokoukseen.<\/span><\/span><\/p>\n<p class=\"western\"><span style=\"font-family: Times New Roman, serif;\"><span style=\"font-size: medium;\"><b>Esityslista<\/b><\/span><\/span><\/p>\n<p class=\"western\"><span style=\"font-family: Times New Roman, serif;\"><span style=\"font-size: medium;\">1 Avataan kokous<\/span><\/span><\/p>\n<p class=\"western\"><span style=\"font-family: Times New Roman, serif;\"><span style=\"font-size: medium;\">2 Valitaan kokoukselle puheenjohtaja, sihteeri, kaksi p\u00f6yt\u00e4kirjantarkastajaa ja \u00e4\u00e4ntenlaskijat.<\/span><\/span><\/p>\n<p class=\"western\"><span style=\"font-family: Times New Roman, serif;\"><span style=\"font-size: medium;\">3 Todetaan edustettuina olevat j\u00e4senseurat ja niiden edustajat<\/span><\/span><\/p>\n<p class=\"western\"><span style=\"font-family: Times New Roman, serif;\"><span style=\"font-size: medium;\">4 Todetaan kokouksen laillisuus ja p\u00e4\u00e4t\u00f6svaltaisuus<\/span><\/span><\/p>\n<p class=\"western\"><span style=\"font-family: Times New Roman, serif;\"><span style=\"font-size: medium;\">5 Esitet\u00e4\u00e4n yhdistyksen toimintakertomus, tilinp\u00e4\u00e4t\u00f6s ja toiminnantarkastajan antama toiminnantarkastuskertomus<\/span><\/span><\/p>\n<p class=\"western\"><span style=\"font-family: Times New Roman, serif;\"><span style=\"font-size: medium;\">6 P\u00e4\u00e4tet\u00e4\u00e4n tilinp\u00e4\u00e4t\u00f6ksen vahvistamisesta ja vastuuvapauden my\u00f6nt\u00e4misest\u00e4 yhdistyksen hallitukselle ja muille tilivelvollisille<\/span><\/span><\/p>\n<p class=\"western\"><span style=\"font-family: Times New Roman, serif;\"><span style=\"font-size: medium;\">7 K\u00e4sitell\u00e4\u00e4n muut yhdistyksen j\u00e4senten esitt\u00e4m\u00e4t asiat<\/span><\/span><\/p>\n<p class=\"western\"><span style=\"font-family: Times New Roman, serif;\"><span style=\"font-size: medium;\">Esitykset on toimitettava puheenjohtajalle <\/span><\/span><span style=\"font-family: Times New Roman, serif;\"><span style=\"font-size: medium;\">15<\/span><\/span><span style=\"font-family: Times New Roman, serif;\"><span style=\"font-size: medium;\">.4.202<\/span><\/span><span style=\"font-family: Times New Roman, serif;\"><span style=\"font-size: medium;\">3<\/span><\/span><span style=\"font-family: Times New Roman, serif;\"><span style=\"font-size: medium;\"> menness\u00e4.<\/span><\/span><\/p>\n<p class=\"western\"><span style=\"font-family: Times New Roman, serif;\"><span style=\"font-size: medium;\">8 P\u00e4\u00e4tet\u00e4\u00e4n kokous<\/span><\/span><\/p>\n<p class=\"western\"><span style=\"font-family: Times New Roman, serif;\"><span style=\"font-size: medium;\">Tervetuloa!<\/span><\/span><\/p>\n<p class=\"western\"><span style=\"font-family: Times New Roman, serif;\"><span style=\"font-size: medium;\">S\u00e4kyl\u00e4 2<\/span><\/span><span style=\"font-family: Times New Roman, serif;\"><span style=\"font-size: medium;\">9<\/span><\/span><span style=\"font-family: Times New Roman, serif;\"><span style=\"font-size: medium;\">.3.202<\/span><\/span><span style=\"font-family: Times New Roman, serif;\"><span style=\"font-size: medium;\">3<\/span><\/span><\/p>\n<p class=\"western\"><span style=\"font-family: Times New Roman, serif;\"><span style=\"font-size: medium;\">Hiisirasti ry:n hallitus<\/span><\/span><\/p>\n","protected":false},"excerpt":{"rendered":"<p>Hiisirasti ry:n kev\u00e4tkokous pidet\u00e4\u00e4n tiistaina 18.4.2023 kello 19.00 alkaen Ala-Satakunnan Osuuspankin K\u00f6yli\u00f6n konttorin kokoustilassa osoitteessa K\u00f6yli\u00f6ntie 1, 27710 K\u00f6yli\u00f6 (S\u00e4kyl\u00e4). Kokouksessa k\u00e4sitell\u00e4\u00e4n s\u00e4\u00e4nn\u00f6iss\u00e4 m\u00e4\u00e4r\u00e4tyt asiat. Kaikilla edustettuina olevilla seuroilla on yksi \u00e4\u00e4ni. Jos haluat osallistua kokoukseen et\u00e4n\u00e4 Teams-sovelluksella, niin ilmoita siit\u00e4 etuk\u00e4teen puheenjohtajalle, joka l\u00e4hett\u00e4\u00e4 s\u00e4hk\u00f6postiin linkin kokoukseen. Esityslista 1 Avataan kokous 2 Valitaan kokoukselle [&hellip;]<\/p>\n","protected":false},"author":1,"featured_media":0,"comment_status":"open","ping_status":"open","sticky":false,"template":"","format":"standard","meta":{"footnotes":""},"categories":[1],"tags":[],"class_list":["post-2255","post","type-post","status-publish","format-standard","hentry","category-yleinen"],"_links":{"self":[{"href":"https:\/\/www.hiisirasti.fi\/index.php?rest_route=\/wp\/v2\/posts\/2255","targetHints":{"allow":["GET"]}}],"collection":[{"href":"https:\/\/www.hiisirasti.fi\/index.php?rest_route=\/wp\/v2\/posts"}],"about":[{"href":"https:\/\/www.hiisirasti.fi\/index.php?rest_route=\/wp\/v2\/types\/post"}],"author":[{"embeddable":true,"href":"https:\/\/www.hiisirasti.fi\/index.php?rest_route=\/wp\/v2\/users\/1"}],"replies":[{"embeddable":true,"href":"https:\/\/www.hiisirasti.fi\/index.php?rest_route=%2Fwp%2Fv2%2Fcomments&post=2255"}],"version-history":[{"count":1,"href":"https:\/\/www.hiisirasti.fi\/index.php?rest_route=\/wp\/v2\/posts\/2255\/revisions"}],"predecessor-version":[{"id":2256,"href":"https:\/\/www.hiisirasti.fi\/index.php?rest_route=\/wp\/v2\/posts\/2255\/revisions\/2256"}],"wp:attachment":[{"href":"https:\/\/www.hiisirasti.fi\/index.php?rest_route=%2Fwp%2Fv2%2Fmedia&parent=2255"}],"wp:term":[{"taxonomy":"category","embeddable":true,"href":"https:\/\/www.hiisirasti.fi\/index.php?rest_route=%2Fwp%2Fv2%2Fcategories&post=2255"},{"taxonomy":"post_tag","embeddable":true,"href":"https:\/\/www.hiisirasti.fi\/index.php?rest_route=%2Fwp%2Fv2%2Ftags&post=2255"}],"curies":[{"name":"wp","href":"https:\/\/api.w.org\/{rel}","templated":true}]}}